{"id":4619,"date":"2021-09-17T17:42:14","date_gmt":"2021-09-17T09:42:14","guid":{"rendered":"https:\/\/avecobaggie.com\/?p=4619"},"modified":"2021-09-17T17:42:17","modified_gmt":"2021-09-17T09:42:17","slug":"all-you-need-to-know-about-the-carry-on-bag","status":"publish","type":"post","link":"https:\/\/avecobaggie.com\/pt\/all-you-need-to-know-about-the-carry-on-bag\/","title":{"rendered":"Tudo o que precisa de saber sobre a mala de m\u00e3o"},"content":{"rendered":"<p>Est\u00e1 a planear viajar em breve? Se sim, ent\u00e3o veio ao s\u00edtio certo. Independentemente da esta\u00e7\u00e3o do ano, a experi\u00eancia que se tem quando se viaja \u00e9 incompar\u00e1vel. A serenidade de uma nova cidade faz-nos esquecer todas as nossas preocupa\u00e7\u00f5es.<\/p>\n\n\n\n<p>Quer se trate da sua primeira viagem ou de um viajante experiente, a tarefa mais nervosa \u00e9 fazer as malas. Para evitar enigmas desnecess\u00e1rios, escolha tudo o que precisa de forma l\u00f3gica. Por isso, comece por anotar tudo num papel. Depois de fazer uma lista de verifica\u00e7\u00e3o, fica mais perto de umas f\u00e9rias fascinantes.<\/p>\n\n\n\n<p>O passo seguinte \u00e9 determinar o tipo de mala de m\u00e3o de que vai precisar para guardar os seus objectos essenciais. Caso n\u00e3o fa\u00e7a ideia do que \u00e9 uma mala de m\u00e3o, estamos ao seu dispor para o ajudar a encontrar a mala ideal para a sua viagem.<\/p>\n\n\n\n<figure class=\"wp-block-image size-full\"><img fetchpriority=\"high\" width=\"750\" height=\"500\" src=\"https:\/\/avecobaggie.com\/wp-content\/uploads\/2021\/09\/different-travel-bag.jpg\" alt=\"\" class=\"wp-image-4621\" srcset=\"https:\/\/avecobaggie.com\/wp-content\/uploads\/2021\/09\/different-travel-bag.jpg 750w, https:\/\/avecobaggie.com\/wp-content\/uploads\/2021\/09\/different-travel-bag-600x400.jpg 600w, https:\/\/avecobaggie.com\/wp-content\/uploads\/2021\/09\/different-travel-bag-300x200.jpg 300w\" sizes=\"(max-width: 750px) 100vw, 750px\" \/><\/figure>\n\n\n\n<h2 class=\"has-black-color has-text-color wp-block-heading\"><a><\/a>O que \u00e9 uma mala de m\u00e3o?<\/h2>\n\n\n\n<p><strong>Basicamente, este \u00e9 o tipo de mala que pode levar dentro do avi\u00e3o. Normalmente, existe um compartimento de bagagem por cima do seu lugar que guarda a bagagem de m\u00e3o. Tamb\u00e9m pode colocar a sua mala debaixo do lugar \u00e0 sua frente. Assim, pode contar com uma mala de m\u00e3o para os objectos que utiliza todos os dias.<\/strong>&nbsp;Em suma, este saco de tamanho pequeno ou m\u00e9dio \u00e9 suficiente para a sua sobreviv\u00eancia.<\/p>\n\n\n\n<p>As malas de m\u00e3o dividem-se em diferentes categorias. No entanto, os tipos mais populares s\u00e3o os sacos de viagem e as mochilas.<\/p>\n\n\n\n<figure class=\"wp-block-image size-full\"><img width=\"750\" height=\"227\" src=\"https:\/\/avecobaggie.com\/wp-content\/uploads\/2021\/09\/carry-on-tote-bag-and-backpack.jpg\" alt=\"\" class=\"wp-image-4622\" srcset=\"https:\/\/avecobaggie.com\/wp-content\/uploads\/2021\/09\/carry-on-tote-bag-and-backpack.jpg 750w, https:\/\/avecobaggie.com\/wp-content\/uploads\/2021\/09\/carry-on-tote-bag-and-backpack-600x182.jpg 600w, https:\/\/avecobaggie.com\/wp-content\/uploads\/2021\/09\/carry-on-tote-bag-and-backpack-300x91.jpg 300w\" sizes=\"(max-width: 750px) 100vw, 750px\" \/><\/figure>\n\n\n\n<h3 class=\"has-black-color has-text-color wp-block-heading\"><a><\/a>Mochila<\/h3>\n\n\n\n<p>Para os viajantes experientes, a mochila \u00e9 uma \u00f3ptima escolha. Est\u00e1 normalmente dispon\u00edvel em v\u00e1rios tamanhos, tecidos e formas para satisfazer todas as suas necessidades. Em geral, t\u00eam espa\u00e7o para computadores port\u00e1teis e objectos sem os quais n\u00e3o se pode viajar. Incluem v\u00e1rias correias amov\u00edveis para que se sinta confort\u00e1vel.<\/p>\n\n\n\n<h3 class=\"has-black-color has-text-color wp-block-heading\"><a><\/a>Sacos de compras<\/h3>\n\n\n\n<p>A seguir, temos os sacos de viagem. N\u00e3o ser\u00e1 errado dizer que quase todas as mulheres as utilizam na sua vida quotidiana. Isto porque s\u00e3o pr\u00e1ticas e d\u00e3o-lhe espa\u00e7o para empilhar os seus objectos. Mais uma vez, est\u00e3o no mercado com milhares de estilos e tamanhos bonitos.<\/p>\n\n\n\n<h2 class=\"has-black-color has-text-color wp-block-heading\"><a><\/a>Quais s\u00e3o os elementos essenciais da mala de m\u00e3o?<\/h2>\n\n\n\n<p>Tendo em conta as suas prioridades, pode acrescentar os artigos \u00e0 sua bagagem. Para al\u00e9m de medicamentos, documentos, etc., escolhemos tr\u00eas coisas a ter numa viagem.<\/p>\n\n\n\n<h3 class=\"has-black-color has-text-color wp-block-heading\"><a><\/a>Tamp\u00f5es para os ouvidos ou m\u00e1scara para os olhos<\/h3>\n\n\n\n<p>Dormir bem \u00e9 importante para desfrutar de toda a aventura. Normalmente, durante os voos, as pessoas n\u00e3o conseguem adormecer devido \u00e0 luz e ao ru\u00eddo ensurdecedor. Para evitar esta situa\u00e7\u00e3o, leve consigo tamp\u00f5es para os ouvidos e uma m\u00e1scara para os olhos.<\/p>\n\n\n\n<h3 class=\"has-black-color has-text-color wp-block-heading\"><a><\/a>Lanches<\/h3>\n\n\n\n<p>During air travel, it&#8217;s not uncommon to lose your appetite or have an upset stomach. Needless to say, how will you enjoy it if you don&#8217;t have energy? So, take some healthy snacks with you. For instance, you can pack protein bars in your bag.<\/p>\n\n\n\n<h3 class=\"has-black-color has-text-color wp-block-heading\"><a><\/a>Desinfetante<\/h3>\n\n\n\n<p>Embora os voos estejam novamente operacionais, isso n\u00e3o significa que estejamos livres do v\u00edrus. A situa\u00e7\u00e3o atual do v\u00edrus continua a ser de risco de vida. Por isso, \u00e9 melhor levar sempre consigo um desinfetante.<\/p>\n\n\n\n<h2 class=\"has-black-color has-text-color wp-block-heading\"><a><\/a>O que n\u00e3o \u00e9 permitido numa mala de m\u00e3o?<\/h2>\n\n\n\n<p>A lei permite-lhe levar tudo o que n\u00e3o possa fazer mal a ningu\u00e9m ou que seja perigoso. Se tiver aeross\u00f3is, objectos cortantes, \u00e1lcool, subst\u00e2ncias inflam\u00e1veis, deite-os fora da sua mala. Se estes objectos aparecerem durante o controlo de seguran\u00e7a, pode ter s\u00e9rios problemas.<\/p>\n\n\n\n<h2 class=\"has-black-color has-text-color wp-block-heading\"><a><\/a>Qual o tamanho m\u00e1ximo de uma mala de m\u00e3o?<\/h2>\n\n\n\n<p>Existe um <a href=\"https:\/\/www.united.com\/ual\/en\/us\/fly\/travel\/baggage\/carry-on.html\"><u>tamanho normal do saco de bagagem de m\u00e3o nacional<\/u><\/a>, approximately 22&#8243; in height, 14&#8243; in width, and 9&#8243; in depth. This dimension is inclusive of the handle and the wheels of the bag. However, there is a difference of an inch or two for various airlines.<\/p>\n\n\n\n<figure class=\"wp-block-image size-full\"><img width=\"750\" height=\"435\" src=\"https:\/\/avecobaggie.com\/wp-content\/uploads\/2021\/09\/standard-domestic-carry-on-luggage-bag-size.jpg\" alt=\"\" class=\"wp-image-4623\" srcset=\"https:\/\/avecobaggie.com\/wp-content\/uploads\/2021\/09\/standard-domestic-carry-on-luggage-bag-size.jpg 750w, https:\/\/avecobaggie.com\/wp-content\/uploads\/2021\/09\/standard-domestic-carry-on-luggage-bag-size-600x348.jpg 600w, https:\/\/avecobaggie.com\/wp-content\/uploads\/2021\/09\/standard-domestic-carry-on-luggage-bag-size-300x174.jpg 300w\" sizes=\"(max-width: 750px) 100vw, 750px\" \/><\/figure>\n\n\n\n<p>O objetivo deste limite de tamanho \u00e9 garantir que as malas n\u00e3o criam desconforto para os passageiros. Al\u00e9m disso, tamb\u00e9m se ajustam ao espa\u00e7o dispon\u00edvel para as guardar. O tamanho da mala depende totalmente da sua prefer\u00eancia. Mas certifique-se de que n\u00e3o excede o limite.<\/p>\n\n\n\n<h2 class=\"has-black-color has-text-color wp-block-heading\"><a><\/a>Que tipo de mala de m\u00e3o \u00e9 a melhor?<\/h2>\n\n\n\n<p>As nossas 3 melhores escolhas incluem:<\/p>\n\n\n\n<ol class=\"wp-block-list\" type=\"1\"><li>Mochila de transporte da Amazon Basics<\/li><li>Saco de viagem de lona para transporte By MyMealivos<\/li><li>Mala de m\u00e3o Maxlite da Travelpro<\/li><\/ol>\n\n\n\n<h3 class=\"has-black-color has-text-color wp-block-heading\"><a><\/a>Mochila de transporte da Amazon Basics<\/h3>\n\n\n\n<div class=\"wp-block-media-text alignwide has-media-on-the-right is-stacked-on-mobile\" style=\"grid-template-columns:auto 37%\"><figure class=\"wp-block-media-text__media\"><a href=\"https:\/\/www.amazon.com\/AmazonBasics-Carry-On-Travel-Backpack-Navy\/dp\/B01J24H87C\/ref\" target=\"_blank\" rel=\"noopener\"><img loading=\"lazy\" width=\"480\" height=\"562\" src=\"https:\/\/avecobaggie.com\/wp-content\/uploads\/2021\/09\/Navy-Blue-Travel-Backpack.jpg\" alt=\"\" class=\"wp-image-4624 size-full\" srcset=\"https:\/\/avecobaggie.com\/wp-content\/uploads\/2021\/09\/Navy-Blue-Travel-Backpack.jpg 480w, https:\/\/avecobaggie.com\/wp-content\/uploads\/2021\/09\/Navy-Blue-Travel-Backpack-256x300.jpg 256w\" sizes=\"(max-width: 480px) 100vw, 480px\" \/><\/a><\/figure><div class=\"wp-block-media-text__content\">\n<p>Este <a href=\"https:\/\/www.amazon.com\/AmazonBasics-Carry-On-Travel-Backpack-Navy\/dp\/B01J24H87C\/ref\"><u>mochila<\/u><\/a>&nbsp;\u00e9 para quem viaja frequentemente em viagens de neg\u00f3cios. Ou, se precisar de receber actualiza\u00e7\u00f5es de trabalho durante a sua viagem, pode colocar o seu computador port\u00e1til nela. No interior, esta mochila tem uma bolsa para port\u00e1til com fecho de correr. A estrutura torna-a muito flex\u00edvel. Tendo em conta que pode ser transportada a maior parte do tempo, \u00e9 leve.<\/p>\n\n\n\n<p>O compartimento principal tem um espa\u00e7o em rede com fechos de correr para guardar os seus objectos de valor. Na parte da frente, encontrar\u00e1 dois bolsos para guardar os documentos. E outro para a sua garrafa de \u00e1gua. Estes bolsos facilitam o acesso \u00e0s coisas de que necessita frequentemente.<\/p>\n\n\n\n<p>The exterior comprises tough polyester. Navy blue is perfect for those who prefer subtle colours. If these colours don&#8217;t go with your vibrant personality, <a href=\"https:\/\/avecobaggie.com\/pt\/custom-solutions\/\"><u>solu\u00e7\u00f5es personalizadas<\/u><\/a>&nbsp;pode tingi-lo.<\/p>\n<\/div><\/div>\n\n\n\n<h3 class=\"has-black-color has-text-color wp-block-heading\"><a><\/a>Saco de viagem de lona para transporte By MyMealivos<\/h3>\n\n\n\n<div class=\"wp-block-media-text alignwide has-media-on-the-right is-stacked-on-mobile\" style=\"grid-template-columns:auto 40%\"><figure class=\"wp-block-media-text__media\"><a href=\"https:\/\/www.amazon.com\/MyMealivos-Canvas-Weekender-Overnight-Travel\/dp\/B07ZHXQ3ND\/ref\"><img loading=\"lazy\" width=\"480\" height=\"520\" src=\"https:\/\/avecobaggie.com\/wp-content\/uploads\/2021\/09\/Canvas-Weekender-Bag.jpg\" alt=\"\" class=\"wp-image-4625 size-full\" srcset=\"https:\/\/avecobaggie.com\/wp-content\/uploads\/2021\/09\/Canvas-Weekender-Bag.jpg 480w, https:\/\/avecobaggie.com\/wp-content\/uploads\/2021\/09\/Canvas-Weekender-Bag-277x300.jpg 277w\" sizes=\"(max-width: 480px) 100vw, 480px\" \/><\/a><\/figure><div class=\"wp-block-media-text__content\">\n<p>Este super giro <a href=\"https:\/\/www.amazon.com\/MyMealivos-Canvas-Weekender-Overnight-Travel\/dp\/B07ZHXQ3ND\/ref\"><u>saco de lona<\/u><\/a>&nbsp;tem espa\u00e7o e um toque de luxo. Inclui lona de alta qualidade com detalhes em pele sint\u00e9tica castanha escura e macia. O interior tem um forro resistente para manter os seus objectos seguros durante a viagem. Al\u00e9m disso, possui um compartimento para sapatos adicional para acomodar o seu cal\u00e7ado.<\/p>\n\n\n\n<p>You can carry your three days&#8217; worth of holiday clothes in this bag. So, for small trips, this carry-on is a must-have. Overall, it has seven pockets and compartments. Even if you keep forgetting your items, this will keep them organized in front of your eyes. Hence, there is no chance of losing them.<\/p>\n\n\n\n<p>Infelizmente, este saco tem um inconveniente. Quando se tenta empacot\u00e1-lo em excesso, a costura pode rasgar-se. Nestas situa\u00e7\u00f5es, <a href=\"https:\/\/avecobaggie.com\/pt\/custom-solutions\/\"><u>solu\u00e7\u00f5es personalizadas<\/u><\/a>&nbsp;s\u00e3o um salvador. Podem cos\u00ea-lo de forma segura de diferentes maneiras.<\/p>\n<\/div><\/div>\n\n\n\n<h3 class=\"has-black-color has-text-color wp-block-heading\"><a><\/a>Mala de m\u00e3o Maxlite da Travelpro<\/h3>\n\n\n\n<div class=\"wp-block-media-text alignwide has-media-on-the-right is-stacked-on-mobile\" style=\"grid-template-columns:auto 36%\"><figure class=\"wp-block-media-text__media\"><a href=\"https:\/\/www.amazon.com\/Travelpro-Luggage-Maxlite-Lightweight-Carry\/dp\/B07BKKMZWN\/ref\"><img loading=\"lazy\" width=\"480\" height=\"520\" src=\"https:\/\/avecobaggie.com\/wp-content\/uploads\/2021\/09\/Lightweight-Travel-Tote-Bag.jpg\" alt=\"\" class=\"wp-image-4626 size-full\" srcset=\"https:\/\/avecobaggie.com\/wp-content\/uploads\/2021\/09\/Lightweight-Travel-Tote-Bag.jpg 480w, https:\/\/avecobaggie.com\/wp-content\/uploads\/2021\/09\/Lightweight-Travel-Tote-Bag-277x300.jpg 277w\" sizes=\"(max-width: 480px) 100vw, 480px\" \/><\/a><\/figure><div class=\"wp-block-media-text__content\">\n<p>Quando est\u00e1 fora de casa, este <a href=\"https:\/\/www.amazon.com\/Travelpro-Luggage-Maxlite-Lightweight-Carry\/dp\/B07BKKMZWN\/ref\"><u>saco<\/u><\/a>&nbsp;garante que tem tudo o que \u00e9 necess\u00e1rio consigo. \u00c9 extremamente resistente devido ao seu fabrico, que envolve poli\u00e9ster. O fecho de correr \u00e9 excelente, com fechos de correr de alta resist\u00eancia \u00e0 tra\u00e7\u00e3o.<\/p>\n\n\n\n<p>Isto torna o mecanismo de fecho suave. A carater\u00edstica mais not\u00e1vel deste saco \u00e9 o seu design inteligente. Pode coloc\u00e1-lo debaixo do assento do avi\u00e3o. O tecido deste saco \u00e9 resistente \u00e0s n\u00f3doas e repele a \u00e1gua.<\/p>\n\n\n\n<p>On purchasing this bag, you will get a limited lifetime warranty. Thus, this bag is worth every penny. The shoulder straps are removable and comfy with plush paddings. It has a front flap with a few pockets.<\/p>\n\n\n\n<p>As the carry-on bag doesn\u2019t have many pockets, the capacity of this bag is minimal. Besides that, it becomes difficult to access content from this bag. Luckily, you can add as many pockets as you want by visiting <a href=\"https:\/\/avecobaggie.com\/pt\/custom-solutions\/\"><u>solu\u00e7\u00f5es personalizadas<\/u><\/a>.<\/p>\n<\/div><\/div>\n\n\n\n<p style=\"font-size:26px\"><a><\/a>Resumo<\/p>\n\n\n\n<p>Are you sick of lugging suitcases around? Give these ultra-lightweight carry-on bags a try. It\u2019s a fact that the less you carry, the more time you save on getting ready during a vacation. These bags can level up your fashion game and provide peace of mind at the same time. When you are going to shop for these, examine them carefully. If you will find the bag lacking from any aspect, <a href=\"https:\/\/avecobaggie.com\/pt\/custom-solutions\/\"><u>solu\u00e7\u00f5es personalizadas<\/u><\/a>&nbsp;will turn it into your favourite bag.<\/p>","protected":false},"excerpt":{"rendered":"<p>Are you planning to travel anytime soon? If yes, then you have come to the right place. Regardless of the season, the experience you get while travelling is beyond compare. The serenity of a new city makes you forget about all your worries. Whether this is your first trip or you are an experienced wanderer, [&hellip;]<\/p>","protected":false},"author":1,"featured_media":4627,"comment_status":"open","ping_status":"open","sticky":false,"template":"","format":"standard","meta":{"_seopress_robots_primary_cat":"none","_seopress_titles_title":"","_seopress_titles_desc":"","_seopress_robots_index":"","footnotes":""},"categories":[21],"tags":[],"class_list":["post-4619","post","type-post","status-publish","format-standard","has-post-thumbnail","hentry","category-purchase-guide"],"_links":{"self":[{"href":"https:\/\/avecobaggie.com\/pt\/wp-json\/wp\/v2\/posts\/4619","targetHints":{"allow":["GET"]}}],"collection":[{"href":"https:\/\/avecobaggie.com\/pt\/wp-json\/wp\/v2\/posts"}],"about":[{"href":"https:\/\/avecobaggie.com\/pt\/wp-json\/wp\/v2\/types\/post"}],"author":[{"embeddable":true,"href":"https:\/\/avecobaggie.com\/pt\/wp-json\/wp\/v2\/users\/1"}],"replies":[{"embeddable":true,"href":"https:\/\/avecobaggie.com\/pt\/wp-json\/wp\/v2\/comments?post=4619"}],"version-history":[{"count":2,"href":"https:\/\/avecobaggie.com\/pt\/wp-json\/wp\/v2\/posts\/4619\/revisions"}],"predecessor-version":[{"id":4629,"href":"https:\/\/avecobaggie.com\/pt\/wp-json\/wp\/v2\/posts\/4619\/revisions\/4629"}],"wp:featuredmedia":[{"embeddable":true,"href":"https:\/\/avecobaggie.com\/pt\/wp-json\/wp\/v2\/media\/4627"}],"wp:attachment":[{"href":"https:\/\/avecobaggie.com\/pt\/wp-json\/wp\/v2\/media?parent=4619"}],"wp:term":[{"taxonomy":"category","embeddable":true,"href":"https:\/\/avecobaggie.com\/pt\/wp-json\/wp\/v2\/categories?post=4619"},{"taxonomy":"post_tag","embeddable":true,"href":"https:\/\/avecobaggie.com\/pt\/wp-json\/wp\/v2\/tags?post=4619"}],"curies":[{"name":"wp","href":"https:\/\/api.w.org\/{rel}","templated":true}]}}